{"id":891,"date":"2024-07-07T22:53:06","date_gmt":"2024-07-07T22:53:06","guid":{"rendered":"https:\/\/fabiosiza.com\/fabiosiza\/?p=891"},"modified":"2024-07-07T22:53:07","modified_gmt":"2024-07-07T22:53:07","slug":"mas-de-2-000-vacantes-laborales-disponibles-en-la-feria-laboral-mas-empleo-en-cali","status":"publish","type":"post","link":"https:\/\/fabiosiza.com\/fabiosiza\/mas-de-2-000-vacantes-laborales-disponibles-en-la-feria-laboral-mas-empleo-en-cali\/","title":{"rendered":"M\u00c1S DE 2.000 VACANTES LABORALES DISPONIBLES EN LA FERIA LABORAL \u201cM\u00c1S EMPLEO\u201d EN CALI"},"content":{"rendered":"\n<p>La Fundaci\u00f3n <strong>ANDI,<\/strong> en colaboraci\u00f3n con la Andi seccional Valle del Cauca y la Alcald\u00eda de Cali y con el apoyo del Programa Juntanza \u00c9tnica de USAID y ACDI\/VOCA, anuncia la Feria Laboral \u00abM\u00e1s Empleo\u00bb, que ofrece alrededor de 2.000 vacantes efectivas dirigidas a poblaci\u00f3n vulnerable en diversos sectores econ\u00f3micos. Este evento se lleva a cabo el 28 de junio en dos de los barrios donde habita una gran proporci\u00f3n de poblaci\u00f3n afrocolombiana: Alto Jord\u00e1n y El Poblado, con el objetivo de conectar a las empresas del Valle del Cauca con el talento diverso de la regi\u00f3n.<\/p>\n\n\n\n<p><em><strong>\u201cNos sentimos muy orgullosos de trabajar de la mano con el sector empresarial y p\u00fablico de la ciudad, para fomentar mejores procesos de vinculaci\u00f3n, contrataci\u00f3n y retenci\u00f3n de talento \u00e9tnico. Desde USAID, agradecemos este esfuerzo conjunto con el cual esperamos transformar el panorama laboral de Cali a trav\u00e9s la Feria Laboral \u00abM\u00e1s Empleo\u00bb<\/strong><\/em>, generando oportunidades laborales con un enfoque inclusivo.\u00bb, afirma<strong> Jeremiah Carew<\/strong>, Director Encargado de <strong>USAID Colombia<\/strong> &lt;Agencia de Estados Unidos para el Desarrollo Internacional>.<\/p>\n\n\n\n<p>El <strong>Programa Juntanza \u00c9tnica<\/strong> de USAID juega un papel esencial como articulador de oportunidades desde la mirada empresarial y de la poblaci\u00f3n. Es por esto que, adem\u00e1s de las oportunidades laborales, los asistentes tendr\u00e1n acceso a mentor\u00edas y talleres sobre elaboraci\u00f3n de hojas de vida, entrevistas y habilidades blandas, facilitando as\u00ed su inserci\u00f3n en el mercado laboral.<\/p>\n\n\n\n<p>Seg\u00fan el reciente Informe Nacional de Empleo Inclusivo (INEI) 2023, presentado por la Alianza por la Inclusi\u00f3n Laboral (<strong>USAID, Fundaci\u00f3n Corona, Fundaci\u00f3n ANDI, ACDI\/VOCA, y el PNUD<\/strong>), el 73% de las personas en edad laboral que se autorreconocen como \u00e9tnicas, enfrenta dificultades para acceder a empleos formales y dada la necesidad de generar ingresos, tiende a ubicarse en actividades econ\u00f3micas informales; con una diferencia de 18,3 puntos porcentuales con el resto de la poblaci\u00f3n (56%).<\/p>\n\n\n\n<p><strong><em>\u00abEl sector empresarial de nuestra regi\u00f3n est\u00e1 firmemente comprometido en promover empleos m\u00e1s inclusivos, apoyando iniciativas que permitan a todas las comunidades, especialmente las \u00e9tnicas, prosperar y contribuir al desarrollo econ\u00f3mico y social del Valle del Cauca.\u00bb<\/em><\/strong> afirma Lina Sinisterra, Gerente Andi de la Seccional Valle del Cauca.<\/p>\n\n\n\n<p>Entre las empresas participantes se encuentran: agencia COMFANDI, Agencia COMFENALCO, Agencia Mas Empleo ANDI, APE SENA, Bivien, Brillaseo, Circulo de Viajes Universal (CVU), Ciudad Limpia Bogot\u00e1 SA ESP, Claro, Colgas, Comfandi, Crepes y Waffles, Eficacia, Estrategias Personal Temporal SAS, Konecta, Listos S.A.S, Magneto Empleos, NEXO BPO, NEXO SAS, Ocupar temporales, Proservis Temporales, Rexico SAS, Seguridad Shatter, Smurfit Kappa, Supertex y la unidad del SPE.<\/p>\n\n\n\n<p>Este evento es una oportunidad para que los ciudadanos del Valle del Cauca encuentren empleo y contribuyan al desarrollo econ\u00f3mico de la regi\u00f3n. La presencia del Programa Juntanza \u00c9tnica de USAID asegura un enfoque inclusivo y diverso, promoviendo un entorno laboral equitativo y sostenible.<\/p>\n\n\n\n<p><strong><em>\u00abLa Feria Laboral &#8216;M\u00e1s Empleo&#8217; es una manifestaci\u00f3n de nuestro compromiso con la inclusi\u00f3n y la diversidad en el entorno laboral. Esta feria ofrece una oportunidad \u00fanica para que las poblaciones \u00e9tnicas del Valle del Cauca accedan a empleos dignos y estables\u00bb<\/em><\/strong>, concluye Catalina Mart\u00ednez, directora ejecutiva Fundaci\u00f3n ANDI.<\/p>\n\n\n\n<p>\u00a1No te pierdas la oportunidad de participar en esta convocatoria!<\/p>\n\n\n\n<p><strong>Convocatoria dirigida a: <\/strong>Poblaciones vulnerables que presentan barreras para acceder al empleo formal. Entre las poblaciones de inter\u00e9s se espera impactar a:<\/p>\n\n\n\n<ul class=\"wp-block-list\">\n<li>Poblaci\u00f3n Migrante y refugiada proveniente de Venezuela<\/li>\n\n\n\n<li>Comunidades \u00e9tnicas (poblaci\u00f3n afrocolombiana e ind\u00edgena)<\/li>\n\n\n\n<li>J\u00f3venes<\/li>\n\n\n\n<li>Mujeres en situaci\u00f3n de pobreza y condiciones de vulnerabilidad<\/li>\n\n\n\n<li>Poblaci\u00f3n mayor de 55 a\u00f1os<\/li>\n<\/ul>\n\n\n\n<p>El 28 de junio se realizar\u00e1 de manera simult\u00e1nea en Cali en el centro de servicios de la Fundaci\u00f3n Carvajal-Barrio el Poblado distrito Aguablanca; y en la comuna 18 en el CIDES (Centro de Integraci\u00f3n y Desarrollo Social) \u2018Parque Los Pinos\u2019 entre los barrios Altos de Santa Elena y Polvorines.<\/p>\n\n\n\n<p>Horario: de 8 am a 2 pm (se espera atender a todas las personas asistentes).<\/p>\n\n\n\n<figure class=\"wp-block-image size-large\"><a href=\"https:\/\/fabiosiza.com\/fabiosiza\/wp-content\/uploads\/2024\/07\/IMG_20240628_114200-scaled.jpg\"><img loading=\"lazy\" decoding=\"async\" width=\"1024\" height=\"461\" src=\"https:\/\/fabiosiza.com\/fabiosiza\/wp-content\/uploads\/2024\/07\/IMG_20240628_114200-1024x461.jpg\" alt=\"\" class=\"wp-image-892\" srcset=\"https:\/\/fabiosiza.com\/fabiosiza\/wp-content\/uploads\/2024\/07\/IMG_20240628_114200-1024x461.jpg 1024w, https:\/\/fabiosiza.com\/fabiosiza\/wp-content\/uploads\/2024\/07\/IMG_20240628_114200-300x135.jpg 300w, https:\/\/fabiosiza.com\/fabiosiza\/wp-content\/uploads\/2024\/07\/IMG_20240628_114200-768x346.jpg 768w, https:\/\/fabiosiza.com\/fabiosiza\/wp-content\/uploads\/2024\/07\/IMG_20240628_114200-1536x691.jpg 1536w, https:\/\/fabiosiza.com\/fabiosiza\/wp-content\/uploads\/2024\/07\/IMG_20240628_114200-2048x922.jpg 2048w, https:\/\/fabiosiza.com\/fabiosiza\/wp-content\/uploads\/2024\/07\/IMG_20240628_114200-600x270.jpg 600w\" sizes=\"auto, (max-width: 1024px) 100vw, 1024px\" \/><\/a><\/figure>\n","protected":false},"excerpt":{"rendered":"<p>La Fundaci\u00f3n ANDI, en colaboraci\u00f3n con la Andi seccional Valle del Cauca y la Alcald\u00eda<\/p>\n","protected":false},"author":2,"featured_media":893,"comment_status":"closed","ping_status":"closed","sticky":false,"template":"","format":"standard","meta":{"footnotes":""},"categories":[24,25,20,16,26,18,1,17],"tags":[240,265,259,267,268,266,269,264,262,263,260,261],"class_list":["post-891","post","type-post","status-publish","format-standard","has-post-thumbnail","hentry","category-cultural","category-datos-curiosos","category-entretenimiento","category-eventos","category-inteligencia-artificial","category-negocios","category-sin-categoria","category-tecnologia","tag-cali","tag-convocatoria","tag-empleo","tag-etnica","tag-jovenes","tag-migrante","tag-mujeres","tag-oportunidad","tag-trabajo","tag-usaid","tag-vacante","tag-valle"],"_links":{"self":[{"href":"https:\/\/fabiosiza.com\/fabiosiza\/wp-json\/wp\/v2\/posts\/891","targetHints":{"allow":["GET"]}}],"collection":[{"href":"https:\/\/fabiosiza.com\/fabiosiza\/wp-json\/wp\/v2\/posts"}],"about":[{"href":"https:\/\/fabiosiza.com\/fabiosiza\/wp-json\/wp\/v2\/types\/post"}],"author":[{"embeddable":true,"href":"https:\/\/fabiosiza.com\/fabiosiza\/wp-json\/wp\/v2\/users\/2"}],"replies":[{"embeddable":true,"href":"https:\/\/fabiosiza.com\/fabiosiza\/wp-json\/wp\/v2\/comments?post=891"}],"version-history":[{"count":1,"href":"https:\/\/fabiosiza.com\/fabiosiza\/wp-json\/wp\/v2\/posts\/891\/revisions"}],"predecessor-version":[{"id":894,"href":"https:\/\/fabiosiza.com\/fabiosiza\/wp-json\/wp\/v2\/posts\/891\/revisions\/894"}],"wp:featuredmedia":[{"embeddable":true,"href":"https:\/\/fabiosiza.com\/fabiosiza\/wp-json\/wp\/v2\/media\/893"}],"wp:attachment":[{"href":"https:\/\/fabiosiza.com\/fabiosiza\/wp-json\/wp\/v2\/media?parent=891"}],"wp:term":[{"taxonomy":"category","embeddable":true,"href":"https:\/\/fabiosiza.com\/fabiosiza\/wp-json\/wp\/v2\/categories?post=891"},{"taxonomy":"post_tag","embeddable":true,"href":"https:\/\/fabiosiza.com\/fabiosiza\/wp-json\/wp\/v2\/tags?post=891"}],"curies":[{"name":"wp","href":"https:\/\/api.w.org\/{rel}","templated":true}]}}